{"id":1466,"date":"2026-04-18T07:52:00","date_gmt":"2026-04-18T10:52:00","guid":{"rendered":"https:\/\/materlandia.mg.leg.br\/?p=1466"},"modified":"2026-04-27T10:18:41","modified_gmt":"2026-04-27T13:18:41","slug":"aviso-de-dispensa-de-licitacao","status":"publish","type":"post","link":"https:\/\/materlandia.mg.leg.br\/index.php\/2026\/04\/18\/aviso-de-dispensa-de-licitacao\/","title":{"rendered":"Aviso de dispensa de Licita\u00e7\u00e3o 01\/2026 | Resultado"},"content":{"rendered":"\n<p>Processo administrativo N\u00ba 01\/2026<\/p>\n\n\n\n<p>Preg\u00e3o presencial N\u00ba 01\/2026<\/p>\n\n\n\n<p><\/p>\n\n\n\n<p id=\"p-rc_23cf414a9b16e68c-49\"><strong>MATERL\u00c2NDIA \u2013 MG<\/strong> | A C\u00e2mara Municipal de Materl\u00e2ndia realizou, no dia <strong>17 de abril de 2026<\/strong>, a sess\u00e3o p\u00fablica do <strong>Preg\u00e3o Presencial n\u00ba 01\/2026<\/strong><sup><\/sup><sup><\/sup><sup><\/sup><sup><\/sup>. O certame teve como objetivo a contrata\u00e7\u00e3o de empresa especializada para o fornecimento de materiais de escrit\u00f3rio e papelaria, visando garantir a continuidade dos trabalhos administrativos e o suporte \u00e0s atividades dos vereadores da Casa<sup><\/sup><sup><\/sup><sup><\/sup>.<\/p>\n\n\n\n<p><\/p>\n\n\n\n<h2 class=\"wp-block-heading\">Resumo da Licita\u00e7\u00e3o: Preg\u00e3o Presencial n\u00ba 01\/2026<\/h2>\n\n\n\n<ul class=\"wp-block-list\">\n<li><strong>Objeto:<\/strong> Contrata\u00e7\u00e3o de pessoa jur\u00eddica para o fornecimento de material de escrit\u00f3rio e papelaria.<\/li>\n\n\n\n<li><strong>Data da Sess\u00e3o:<\/strong> 17 de abril de 2026.<\/li>\n\n\n\n<li><strong>Base Legal:<\/strong> Lei Federal n\u00ba 14.133\/2021.<\/li>\n\n\n\n<li><strong>Valor Global Estimado:<\/strong> R$ 5.736,72.<\/li>\n\n\n\n<li><strong>Crit\u00e9rio de Julgamento:<\/strong> Menor pre\u00e7o por item.<\/li>\n<\/ul>\n\n\n\n<h3 class=\"wp-block-heading\">Resultado e Vencedores<\/h3>\n\n\n\n<p id=\"p-rc_7cbd9f66aaa2bce8-96\">Duas empresas participaram do certame e dividiram os itens conforme os menores lances oferecidos<sup><\/sup>:<\/p>\n\n\n\n<ul class=\"wp-block-list\">\n<li><strong>Facilitte Com\u00e9rcio, Servi\u00e7os e Gest\u00e3o LTDA:<\/strong> Venceu a maioria dos itens (15 de 19), destacando-se o fornecimento de <strong>Papel A4<\/strong> (R$ 385,00 a caixa), <strong>Toner HP<\/strong> (R$ 150,00), <strong>Pen drives<\/strong> e materiais de escrita.<\/li>\n\n\n\n<li><strong>Imp\u00e9rio Utilidades Dom\u00e9sticas:<\/strong> Venceu 4 itens, sendo eles: <strong>R\u00e9gua 50cm<\/strong> (R$ 8,90), <strong>Cola silicone<\/strong> (R$ 9,90), <strong>Pasta cat\u00e1logo<\/strong> (R$ 42,76) e <strong>Molha dedo<\/strong> (R$ 5,99).<\/li>\n<\/ul>\n\n\n\n<h3 class=\"wp-block-heading\">Informa\u00e7\u00f5es Complementares<\/h3>\n\n\n\n<ul class=\"wp-block-list\">\n<li><strong>Fiscal do Contrato:<\/strong> Zenilia Assun\u00e7\u00e3o.<\/li>\n\n\n\n<li><strong>Prazo de Entrega:<\/strong> At\u00e9 10 dias ap\u00f3s a solicita\u00e7\u00e3o.<\/li>\n\n\n\n<li><strong>Vig\u00eancia:<\/strong> At\u00e9 31 de dezembro de 2026.<\/li>\n<\/ul>\n\n\n\n<p>[O arquivo PDF completo pode ser consultado abaixo]<\/p>\n\n\n\n<div data-wp-interactive=\"core\/file\" class=\"wp-block-file\"><object data-wp-bind--hidden=\"!state.hasPdfPreview\" hidden class=\"wp-block-file__embed\" data=\"https:\/\/materlandia.mg.leg.br\/wp-content\/uploads\/2026\/04\/digitalizar-mesclado.pdf\" type=\"application\/pdf\" style=\"width:100%;height:830px\" aria-label=\"Incorporado de digitalizar-mesclado.\"><\/object><a id=\"wp-block-file--media-52fbf329-4625-4b9a-858a-5a6c608849f5\" href=\"https:\/\/materlandia.mg.leg.br\/wp-content\/uploads\/2026\/04\/digitalizar-mesclado.pdf\">digitalizar-mesclado<\/a><a href=\"https:\/\/materlandia.mg.leg.br\/wp-content\/uploads\/2026\/04\/digitalizar-mesclado.pdf\" class=\"wp-block-file__button wp-element-button\" download aria-describedby=\"wp-block-file--media-52fbf329-4625-4b9a-858a-5a6c608849f5\">Baixar<\/a><\/div>\n","protected":false},"excerpt":{"rendered":"<p>Processo administrativo N\u00ba 01\/2026 Preg\u00e3o presencial N\u00ba 01\/2026 MATERL\u00c2NDIA \u2013 MG | A C\u00e2mara Municipal de Materl\u00e2ndia realizou, no dia 17 de abril de 2026, a sess\u00e3o p\u00fablica do Preg\u00e3o Presencial n\u00ba 01\/2026. O certame teve como objetivo a contrata\u00e7\u00e3o de empresa especializada para o fornecimento de materiais de escrit\u00f3rio e papelaria, visando garantir a [&hellip;]<\/p>\n","protected":false},"author":2,"featured_media":0,"comment_status":"closed","ping_status":"open","sticky":false,"template":"templates\/template-full-width.php","format":"standard","meta":{"footnotes":""},"categories":[1],"tags":[],"class_list":["post-1466","post","type-post","status-publish","format-standard","hentry","category-noticias"],"_links":{"self":[{"href":"https:\/\/materlandia.mg.leg.br\/index.php\/wp-json\/wp\/v2\/posts\/1466","targetHints":{"allow":["GET"]}}],"collection":[{"href":"https:\/\/materlandia.mg.leg.br\/index.php\/wp-json\/wp\/v2\/posts"}],"about":[{"href":"https:\/\/materlandia.mg.leg.br\/index.php\/wp-json\/wp\/v2\/types\/post"}],"author":[{"embeddable":true,"href":"https:\/\/materlandia.mg.leg.br\/index.php\/wp-json\/wp\/v2\/users\/2"}],"replies":[{"embeddable":true,"href":"https:\/\/materlandia.mg.leg.br\/index.php\/wp-json\/wp\/v2\/comments?post=1466"}],"version-history":[{"count":3,"href":"https:\/\/materlandia.mg.leg.br\/index.php\/wp-json\/wp\/v2\/posts\/1466\/revisions"}],"predecessor-version":[{"id":1471,"href":"https:\/\/materlandia.mg.leg.br\/index.php\/wp-json\/wp\/v2\/posts\/1466\/revisions\/1471"}],"wp:attachment":[{"href":"https:\/\/materlandia.mg.leg.br\/index.php\/wp-json\/wp\/v2\/media?parent=1466"}],"wp:term":[{"taxonomy":"category","embeddable":true,"href":"https:\/\/materlandia.mg.leg.br\/index.php\/wp-json\/wp\/v2\/categories?post=1466"},{"taxonomy":"post_tag","embeddable":true,"href":"https:\/\/materlandia.mg.leg.br\/index.php\/wp-json\/wp\/v2\/tags?post=1466"}],"curies":[{"name":"wp","href":"https:\/\/api.w.org\/{rel}","templated":true}]}}